{"id":78,"date":"2018-01-10T05:15:59","date_gmt":"2018-01-10T04:15:59","guid":{"rendered":"https:\/\/leder-fritz.de\/blog\/?p=78"},"modified":"2018-01-10T11:21:16","modified_gmt":"2018-01-10T10:21:16","slug":"trend-sofa-2018","status":"publish","type":"post","link":"https:\/\/leder-fritz.de\/blog\/trend-sofa-2018\/","title":{"rendered":"Bunt und gem\u00fctlich: so sieht das Sofa 2018 aus!"},"content":{"rendered":"<p>Das neue Jahr beginnt. Das ist f\u00fcr Viele der Zeitpunkt frischen Wind in ihr Leben zu bringen. Warum nicht den Look des Wohnzimmers mit einem neuen Sofa ver\u00e4ndern? Das alte hat mit der Zeit schon einige Schrammen und Flecken bekommen. Und jetzt ist der perfekte Moment sich ein neues zu g\u00f6nnen, denn 2018 wird ein aufregendes Jahr in Sachen Interior-Gestaltung. Mit dem passenden Sofa k\u00f6nnt ihr zu Trendsettern und Stilikonen werden. Wir stellen euch nun einige der <strong>Trends des Jahres<\/strong> vor.<!--more--><\/p>\n<h2>Farben \u00fcber Farben<\/h2>\n<p>2018 ist der Zeitpunkt f\u00fcr einen Neuanfang. Wir verabschieden uns von schlichten Graut\u00f6nen und gedeckten Farben. Stattdessen legt das Sofa in knalligen, dynamischen Farben einen gl\u00e4nzenden Auftritt hin. Es wird zum <strong>Blickfang eures Wohnzimmers!<\/strong><\/p>\n<p>Es sind <strong>kr\u00e4ftige, lebendige Farben<\/strong>, die sich 2018 in den Wohnzimmern zeigen werden. Die Interior-Trendfarben finden dabei die perfekte Balance &#8211; trotz ihrer Ausdrucksst\u00e4rke f\u00fcgen sie sich harmonisch in das Ambiente ein, sind Eyecatcher ohne aufdringlich zu wirken.<\/p>\n<h3>Strahlendes Gelb bringt gute Laune<\/h3>\n<div id=\"attachment_80\" class=\"wp-caption alignnone\"><img loading=\"lazy\" decoding=\"async\" aria-describedby=\"caption-attachment-80\" class=\"size-medium wp-image-80\" src=\"https:\/\/leder-fritz.de\/blog\/wp-content\/uploads\/2018\/01\/gelbes-sofa-300x293.jpg\" alt=\"Ein gelbes Sofa ist aus der Vogelperspektive abgebildet. Es hat runde Ecken und ist mit einem blauen Kissen dekoriert.\" width=\"300\" height=\"293\" srcset=\"https:\/\/leder-fritz.de\/blog\/wp-content\/uploads\/2018\/01\/gelbes-sofa-300x293.jpg 300w, https:\/\/leder-fritz.de\/blog\/wp-content\/uploads\/2018\/01\/gelbes-sofa-768x750.jpg 768w, https:\/\/leder-fritz.de\/blog\/wp-content\/uploads\/2018\/01\/gelbes-sofa-1024x1000.jpg 1024w\" sizes=\"auto, (max-width: 300px) 100vw, 300px\" \/><p id=\"caption-attachment-80\" class=\"wp-caption-text\">Foto: \u00a9 <a href=\"https:\/\/unsplash.com\/@calliframe\" target=\"_blank\" rel=\"noopener\">Christelle BOURGEOIS<\/a>, Lizenz: <a href=\"https:\/\/creativecommons.org\/publicdomain\/zero\/1.0\/deed.de\" target=\"_blank\" rel=\"noopener\">Creative Commons CC0 1.0 <\/a>, Quelle: <a href=\"https:\/\/unsplash.com\/photos\/-xOHLRUW4k8\" target=\"_blank\" rel=\"noopener\">Unsplash<\/a><\/p><\/div>\n<p>Gelb in all seinen Nuancen darf auf keinen Fall im Wohnzimmer fehlen. Ob ein zitroniges Gr\u00fcngelb oder ein leuchtendes Orangegelb &#8211; keine andere Farbe sorgt so sehr f\u00fcr eine positive Stimmung. Folgen wir also dem Farbtrend und lassen buchst\u00e4blich die Sonne in unser Zuhause!<\/p>\n<h3>K\u00f6nigliche Sofas in warmen Farben<\/h3>\n<p>Sofabez\u00fcge lassen sich dieses Jahr in fast allen warmen Farben finden. Darunter fallen Bordeauxrot, Terrakotta und andere Braunt\u00f6ne sowie Rostfarben. Hierdurch wird eine wohlig-warme Atmosph\u00e4re im Wohnzimmer geschaffen. Wer es farblich doch eher k\u00fchler mag, liegt mit Waldgr\u00fcn und K\u00f6nigsblau richtig.<\/p>\n<p>Inspiriert ist dieser Trend \u00fcbrigens von den <strong>Wiener Salons<\/strong> aus dem 20. Jahrhundert. Diese strotzten nur so von <strong>Pracht und Luxus<\/strong> \u2013 und genau diese Atmosph\u00e4re k\u00f6nnen wir uns 2018 in Form einer Couch ins eigene Wohnzimmer holen.<\/p>\n<h3>Funkelndes Gold f\u00fcr noch mehr Luxus<\/h3>\n<p>Nicht nur die Farben des Sofabezuges sollten m\u00f6glichst k\u00f6niglich sein, sondern auch alle anderen Elemente der Sitzgelegenheit. Die F\u00fc\u00dfe beispielsweise werden am liebsten in strahlenden Goldt\u00f6nen oder geb\u00fcrstetem Messing gehalten. Diese Metalle l\u00f6sen den Langzeit-Trend Kupfer in diesem Jahr ab.<\/p>\n<h3>Akzente setzen: Das Sofa als Hingucker<\/h3>\n<p>Das Sofa steht im <strong>Zentrum des Wohnraums.<\/strong> Es soll die Blicke aller Bewohner und G\u00e4ste auf sich ziehen (und sie auch halten). Wer sich nicht gleich eine neue Couch anschaffen m\u00f6chte, kann mit ein paar bunten Sofakissen sch\u00f6ne Highlights setzen.<\/p>\n<h2>Auf die richtige Form geachtet \u2013 so sieht das Sofa 2018 aus<\/h2>\n<p>Nicht nur ein stylisches Aussehen des Sofas ist wichtig &#8211; viel wichtiger noch ist seine Bequemlichkeit. Genau darauf wird dieses Jahr wieder viel Wert gelegt! Die Form darf schlicht und einfach sein \u2013 die <strong>Gem\u00fctlichkeit<\/strong> steht absolut im Vordergrund!<\/p>\n<h3>Kurven sind in \u2013 auch bei Sofas<\/h3>\n<p><strong>Je runder das Sofa, desto bequemer<\/strong> \u2013 das scheint dieses Jahr das Motto zu sein. Stellt euch eine Couch vor, die wie ein \u00fcberdimensioniertes Kissen mitten im Raum \u201eliegt\u201c &#8211; schon die Vorstellung macht Lust es sich bequem zu machen! Lehnen werden nicht im rechten Winkel angebracht, sondern m\u00f6glichst niedrig und in einer (nat\u00fcrlich etwas gebogenen) Linie mit der Sitzfl\u00e4che.<\/p>\n<p><strong>\u00dcbrigens:<\/strong> Der Pouf feiert 2018 sein Comeback!<\/p>\n<div id=\"attachment_81\" class=\"wp-caption alignnone\"><img loading=\"lazy\" decoding=\"async\" aria-describedby=\"caption-attachment-81\" class=\"size-medium wp-image-81\" src=\"https:\/\/leder-fritz.de\/blog\/wp-content\/uploads\/2018\/01\/blauer-pouf-300x169.jpg\" alt=\"Ein himmelsblauer Pouf steht auf einem Mosaikboden.\" width=\"300\" height=\"169\" srcset=\"https:\/\/leder-fritz.de\/blog\/wp-content\/uploads\/2018\/01\/blauer-pouf-300x169.jpg 300w, https:\/\/leder-fritz.de\/blog\/wp-content\/uploads\/2018\/01\/blauer-pouf.jpg 640w\" sizes=\"auto, (max-width: 300px) 100vw, 300px\" \/><p id=\"caption-attachment-81\" class=\"wp-caption-text\">Foto: \u00a9 <a href=\"https:\/\/pixabay.com\/de\/users\/mermyhh-48700\/\" target=\"_blank\" rel=\"noopener\">mermyhh<\/a>, Lizenz: <a href=\"https:\/\/creativecommons.org\/publicdomain\/zero\/1.0\/deed.de\" target=\"_blank\" rel=\"noopener\">Creative Commons CC0 1.0<\/a>, Quelle: <a href=\"https:\/\/pixabay.com\/de\/pouf-marrokanisch-orient-t%C3%BCrkis-2319234\/\" target=\"_blank\" rel=\"noopener\">pixabay.com<\/a><\/p><\/div>\n<h3>Gro\u00df, gr\u00f6\u00dfer, am gr\u00f6\u00dften<\/h3>\n<p>Das Sofa wird 2018 nicht mehr einfach in einer Ecke des Raumes verstaut, so dass es m\u00f6glichst wenig Platz in Anspruch nimmt. Nein, stattdessen darf es sich ruhig \u201eordentlich breit machen\u201c \u2013 es ist schlie\u00dflich das <strong>Hauptm\u00f6belst\u00fcck des Raumes.<\/strong> Die Sitzfl\u00e4chen d\u00fcrfen riesig sein, sodass es sich jeder richtig gem\u00fctlich machen kann und sich einfach wohl f\u00fchlt.<\/p>\n<h2>Alles ist m\u00f6glich: Materialien f\u00fcr das Sofa 2018<\/h2>\n<p>In Hinblick auf die <strong>Bezugsmaterialien<\/strong> f\u00fcr euer neues Sofa stehen euch alle T\u00fcren offen \u2013 Hauptsache, es ist so bequem wie nur m\u00f6glich. Auch Kombinationen aus glattem (Kunst-)Leder mit Stoff oder rauem Wildleder werden gern gesehen. Dies kommt besonders sch\u00f6n zur Geltung, wenn sich die Materialien farblich (leicht) unterscheiden.<\/p>\n<p>Doch auch Tier- und Umweltschutz werden dieses Jahr gro\u00dfgeschrieben: Immer mehr Designer greifen zu Kunstleder, Stoffen oder Alcantara als Bezugsmaterial f\u00fcr ihre Objekte.<\/p>\n<h2>Quellen<\/h2>\n<p><a href=\"http:\/\/interiorzine.com\/2017\/03\/15\/living-room-trends-designs-ideas-2018-2019\/\" target=\"_blank\" rel=\"noopener\">www.interiorzine.com\/&#8230;\/living-room-trends-designs-ideas-2018-2019\/<\/a><br \/>\n<a href=\"https:\/\/www.domain.com.au\/living\/milan-furniture-fair-reveals-the-biggest-design-trends-for-2018-20170418-gvmnsi\/\" target=\"_blank\" rel=\"noopener\">www.domain.com.au\/&#8230;\/milan-furniture-fair-reveals-the-biggest-design-trends-for-2018\/<\/a><\/p>\n","protected":false},"excerpt":{"rendered":"<p>Das neue Jahr beginnt. Das ist f\u00fcr Viele der Zeitpunkt frischen Wind in ihr Leben zu bringen. Warum nicht den Look des Wohnzimmers mit einem neuen Sofa ver\u00e4ndern? Das alte hat mit der Zeit schon einige Schrammen und Flecken bekommen. Und jetzt ist der perfekte Moment sich ein neues zu g\u00f6nnen, denn 2018 wird ein [&hellip;]<\/p>\n","protected":false},"author":5,"featured_media":83,"comment_status":"open","ping_status":"open","sticky":false,"template":"","format":"standard","meta":{"footnotes":""},"categories":[1],"tags":[43,4,44,42,8,40,41],"class_list":["post-78","post","type-post","status-publish","format-standard","has-post-thumbnail","hentry","category-allgemein","tag-43","tag-alcantara","tag-couch","tag-farben","tag-kunstleder","tag-sofa","tag-trend"],"yoast_head":"<!-- This site is optimized with the Yoast SEO plugin v25.8 - https:\/\/yoast.com\/wordpress\/plugins\/seo\/ -->\n<title>Bunt und gem\u00fctlich: So sieht das neue Sofa 2018 aus!<\/title>\n<meta name=\"description\" content=\"Das Wohnzimmer ist zu langweilig? Wir stellen die Trends f\u00fcr dein neues Sofa 2018 vor. Das Motto lautet: Mut zur Farbe! Lies hier, worauf du achten musst.\" \/>\n<meta name=\"robots\" content=\"index, follow, max-snippet:-1, max-image-preview:large, max-video-preview:-1\" \/>\n<link rel=\"canonical\" href=\"https:\/\/leder-fritz.de\/blog\/trend-sofa-2018\/\" \/>\n<meta property=\"og:locale\" content=\"de_DE\" \/>\n<meta property=\"og:type\" content=\"article\" \/>\n<meta property=\"og:title\" content=\"Bunt und gem\u00fctlich: So sieht das neue Sofa 2018 aus!\" \/>\n<meta property=\"og:description\" content=\"Das Wohnzimmer ist zu langweilig? Wir stellen die Trends f\u00fcr dein neues Sofa 2018 vor. Das Motto lautet: Mut zur Farbe! Lies hier, worauf du achten musst.\" \/>\n<meta property=\"og:url\" content=\"https:\/\/leder-fritz.de\/blog\/trend-sofa-2018\/\" \/>\n<meta property=\"og:site_name\" content=\"Leder Fritz\" \/>\n<meta property=\"article:published_time\" content=\"2018-01-10T04:15:59+00:00\" \/>\n<meta property=\"article:modified_time\" content=\"2018-01-10T10:21:16+00:00\" \/>\n<meta property=\"og:image\" content=\"https:\/\/leder-fritz.de\/blog\/wp-content\/uploads\/2018\/01\/sofa-2018.jpg\" \/>\n\t<meta property=\"og:image:width\" content=\"4000\" \/>\n\t<meta property=\"og:image:height\" content=\"2857\" \/>\n\t<meta property=\"og:image:type\" content=\"image\/jpeg\" \/>\n<meta name=\"author\" content=\"Simone Hirsch\" \/>\n<meta name=\"twitter:card\" content=\"summary_large_image\" \/>\n<meta name=\"twitter:label1\" content=\"Verfasst von\" \/>\n\t<meta name=\"twitter:data1\" content=\"Simone Hirsch\" \/>\n\t<meta name=\"twitter:label2\" content=\"Gesch\u00e4tzte Lesezeit\" \/>\n\t<meta name=\"twitter:data2\" content=\"4\u00a0Minuten\" \/>\n<script type=\"application\/ld+json\" class=\"yoast-schema-graph\">{\"@context\":\"https:\/\/schema.org\",\"@graph\":[{\"@type\":\"WebPage\",\"@id\":\"https:\/\/leder-fritz.de\/blog\/trend-sofa-2018\/\",\"url\":\"https:\/\/leder-fritz.de\/blog\/trend-sofa-2018\/\",\"name\":\"Bunt und gem\u00fctlich: So sieht das neue Sofa 2018 aus!\",\"isPartOf\":{\"@id\":\"https:\/\/leder-fritz.de\/blog\/#website\"},\"primaryImageOfPage\":{\"@id\":\"https:\/\/leder-fritz.de\/blog\/trend-sofa-2018\/#primaryimage\"},\"image\":{\"@id\":\"https:\/\/leder-fritz.de\/blog\/trend-sofa-2018\/#primaryimage\"},\"thumbnailUrl\":\"https:\/\/leder-fritz.de\/blog\/wp-content\/uploads\/2018\/01\/sofa-2018.jpg\",\"datePublished\":\"2018-01-10T04:15:59+00:00\",\"dateModified\":\"2018-01-10T10:21:16+00:00\",\"author\":{\"@id\":\"https:\/\/leder-fritz.de\/blog\/#\/schema\/person\/b602cc8cb182bb1df096586d887ae4bd\"},\"description\":\"Das Wohnzimmer ist zu langweilig? Wir stellen die Trends f\u00fcr dein neues Sofa 2018 vor. Das Motto lautet: Mut zur Farbe! Lies hier, worauf du achten musst.\",\"breadcrumb\":{\"@id\":\"https:\/\/leder-fritz.de\/blog\/trend-sofa-2018\/#breadcrumb\"},\"inLanguage\":\"de\",\"potentialAction\":[{\"@type\":\"ReadAction\",\"target\":[\"https:\/\/leder-fritz.de\/blog\/trend-sofa-2018\/\"]}]},{\"@type\":\"ImageObject\",\"inLanguage\":\"de\",\"@id\":\"https:\/\/leder-fritz.de\/blog\/trend-sofa-2018\/#primaryimage\",\"url\":\"https:\/\/leder-fritz.de\/blog\/wp-content\/uploads\/2018\/01\/sofa-2018.jpg\",\"contentUrl\":\"https:\/\/leder-fritz.de\/blog\/wp-content\/uploads\/2018\/01\/sofa-2018.jpg\",\"width\":4000,\"height\":2857,\"caption\":\"Foto: \u00a9 Sophia Baboolal, Lizenz: Creative Commons CC0 1.0, Quelle: Unsplash.com\"},{\"@type\":\"BreadcrumbList\",\"@id\":\"https:\/\/leder-fritz.de\/blog\/trend-sofa-2018\/#breadcrumb\",\"itemListElement\":[{\"@type\":\"ListItem\",\"position\":1,\"name\":\"Startseite\",\"item\":\"https:\/\/leder-fritz.de\/blog\/\"},{\"@type\":\"ListItem\",\"position\":2,\"name\":\"Bunt und gem\u00fctlich: so sieht das Sofa 2018 aus!\"}]},{\"@type\":\"WebSite\",\"@id\":\"https:\/\/leder-fritz.de\/blog\/#website\",\"url\":\"https:\/\/leder-fritz.de\/blog\/\",\"name\":\"Leder Fritz\",\"description\":\"Informationen \u00fcber Alcantara und Kunstleder\",\"potentialAction\":[{\"@type\":\"SearchAction\",\"target\":{\"@type\":\"EntryPoint\",\"urlTemplate\":\"https:\/\/leder-fritz.de\/blog\/?s={search_term_string}\"},\"query-input\":{\"@type\":\"PropertyValueSpecification\",\"valueRequired\":true,\"valueName\":\"search_term_string\"}}],\"inLanguage\":\"de\"},{\"@type\":\"Person\",\"@id\":\"https:\/\/leder-fritz.de\/blog\/#\/schema\/person\/b602cc8cb182bb1df096586d887ae4bd\",\"name\":\"Simone Hirsch\",\"url\":\"https:\/\/leder-fritz.de\/blog\/author\/simone\/\"}]}<\/script>\n<!-- \/ Yoast SEO plugin. -->","yoast_head_json":{"title":"Bunt und gem\u00fctlich: So sieht das neue Sofa 2018 aus!","description":"Das Wohnzimmer ist zu langweilig? Wir stellen die Trends f\u00fcr dein neues Sofa 2018 vor. Das Motto lautet: Mut zur Farbe! Lies hier, worauf du achten musst.","robots":{"index":"index","follow":"follow","max-snippet":"max-snippet:-1","max-image-preview":"max-image-preview:large","max-video-preview":"max-video-preview:-1"},"canonical":"https:\/\/leder-fritz.de\/blog\/trend-sofa-2018\/","og_locale":"de_DE","og_type":"article","og_title":"Bunt und gem\u00fctlich: So sieht das neue Sofa 2018 aus!","og_description":"Das Wohnzimmer ist zu langweilig? Wir stellen die Trends f\u00fcr dein neues Sofa 2018 vor. Das Motto lautet: Mut zur Farbe! Lies hier, worauf du achten musst.","og_url":"https:\/\/leder-fritz.de\/blog\/trend-sofa-2018\/","og_site_name":"Leder Fritz","article_published_time":"2018-01-10T04:15:59+00:00","article_modified_time":"2018-01-10T10:21:16+00:00","og_image":[{"width":4000,"height":2857,"url":"https:\/\/leder-fritz.de\/blog\/wp-content\/uploads\/2018\/01\/sofa-2018.jpg","type":"image\/jpeg"}],"author":"Simone Hirsch","twitter_card":"summary_large_image","twitter_misc":{"Verfasst von":"Simone Hirsch","Gesch\u00e4tzte Lesezeit":"4\u00a0Minuten"},"schema":{"@context":"https:\/\/schema.org","@graph":[{"@type":"WebPage","@id":"https:\/\/leder-fritz.de\/blog\/trend-sofa-2018\/","url":"https:\/\/leder-fritz.de\/blog\/trend-sofa-2018\/","name":"Bunt und gem\u00fctlich: So sieht das neue Sofa 2018 aus!","isPartOf":{"@id":"https:\/\/leder-fritz.de\/blog\/#website"},"primaryImageOfPage":{"@id":"https:\/\/leder-fritz.de\/blog\/trend-sofa-2018\/#primaryimage"},"image":{"@id":"https:\/\/leder-fritz.de\/blog\/trend-sofa-2018\/#primaryimage"},"thumbnailUrl":"https:\/\/leder-fritz.de\/blog\/wp-content\/uploads\/2018\/01\/sofa-2018.jpg","datePublished":"2018-01-10T04:15:59+00:00","dateModified":"2018-01-10T10:21:16+00:00","author":{"@id":"https:\/\/leder-fritz.de\/blog\/#\/schema\/person\/b602cc8cb182bb1df096586d887ae4bd"},"description":"Das Wohnzimmer ist zu langweilig? Wir stellen die Trends f\u00fcr dein neues Sofa 2018 vor. Das Motto lautet: Mut zur Farbe! Lies hier, worauf du achten musst.","breadcrumb":{"@id":"https:\/\/leder-fritz.de\/blog\/trend-sofa-2018\/#breadcrumb"},"inLanguage":"de","potentialAction":[{"@type":"ReadAction","target":["https:\/\/leder-fritz.de\/blog\/trend-sofa-2018\/"]}]},{"@type":"ImageObject","inLanguage":"de","@id":"https:\/\/leder-fritz.de\/blog\/trend-sofa-2018\/#primaryimage","url":"https:\/\/leder-fritz.de\/blog\/wp-content\/uploads\/2018\/01\/sofa-2018.jpg","contentUrl":"https:\/\/leder-fritz.de\/blog\/wp-content\/uploads\/2018\/01\/sofa-2018.jpg","width":4000,"height":2857,"caption":"Foto: \u00a9 Sophia Baboolal, Lizenz: Creative Commons CC0 1.0, Quelle: Unsplash.com"},{"@type":"BreadcrumbList","@id":"https:\/\/leder-fritz.de\/blog\/trend-sofa-2018\/#breadcrumb","itemListElement":[{"@type":"ListItem","position":1,"name":"Startseite","item":"https:\/\/leder-fritz.de\/blog\/"},{"@type":"ListItem","position":2,"name":"Bunt und gem\u00fctlich: so sieht das Sofa 2018 aus!"}]},{"@type":"WebSite","@id":"https:\/\/leder-fritz.de\/blog\/#website","url":"https:\/\/leder-fritz.de\/blog\/","name":"Leder Fritz","description":"Informationen \u00fcber Alcantara und Kunstleder","potentialAction":[{"@type":"SearchAction","target":{"@type":"EntryPoint","urlTemplate":"https:\/\/leder-fritz.de\/blog\/?s={search_term_string}"},"query-input":{"@type":"PropertyValueSpecification","valueRequired":true,"valueName":"search_term_string"}}],"inLanguage":"de"},{"@type":"Person","@id":"https:\/\/leder-fritz.de\/blog\/#\/schema\/person\/b602cc8cb182bb1df096586d887ae4bd","name":"Simone Hirsch","url":"https:\/\/leder-fritz.de\/blog\/author\/simone\/"}]}},"_links":{"self":[{"href":"https:\/\/leder-fritz.de\/blog\/wp-json\/wp\/v2\/posts\/78","targetHints":{"allow":["GET"]}}],"collection":[{"href":"https:\/\/leder-fritz.de\/blog\/wp-json\/wp\/v2\/posts"}],"about":[{"href":"https:\/\/leder-fritz.de\/blog\/wp-json\/wp\/v2\/types\/post"}],"author":[{"embeddable":true,"href":"https:\/\/leder-fritz.de\/blog\/wp-json\/wp\/v2\/users\/5"}],"replies":[{"embeddable":true,"href":"https:\/\/leder-fritz.de\/blog\/wp-json\/wp\/v2\/comments?post=78"}],"version-history":[{"count":3,"href":"https:\/\/leder-fritz.de\/blog\/wp-json\/wp\/v2\/posts\/78\/revisions"}],"predecessor-version":[{"id":84,"href":"https:\/\/leder-fritz.de\/blog\/wp-json\/wp\/v2\/posts\/78\/revisions\/84"}],"wp:featuredmedia":[{"embeddable":true,"href":"https:\/\/leder-fritz.de\/blog\/wp-json\/wp\/v2\/media\/83"}],"wp:attachment":[{"href":"https:\/\/leder-fritz.de\/blog\/wp-json\/wp\/v2\/media?parent=78"}],"wp:term":[{"taxonomy":"category","embeddable":true,"href":"https:\/\/leder-fritz.de\/blog\/wp-json\/wp\/v2\/categories?post=78"},{"taxonomy":"post_tag","embeddable":true,"href":"https:\/\/leder-fritz.de\/blog\/wp-json\/wp\/v2\/tags?post=78"}],"curies":[{"name":"wp","href":"https:\/\/api.w.org\/{rel}","templated":true}]}}